{"id":9047,"date":"2024-03-06T12:00:04","date_gmt":"2024-03-06T12:00:04","guid":{"rendered":"https:\/\/bareshamusic.com\/?p=9047"},"modified":"2024-03-06T12:00:04","modified_gmt":"2024-03-06T12:00:04","slug":"luiz-ejlli-ben-bashke-dafinen-dhe-ledrin","status":"publish","type":"post","link":"https:\/\/bareshamusic.com\/?p=9047","title":{"rendered":"Luiz Ejlli b\u00ebn bashk\u00eb Dafin\u00ebn dhe Ledrin?"},"content":{"rendered":"<p>Mbr\u00ebmjen e djeshme Luiz Ejlli ka postuar nj\u00eb foto me k\u00ebng\u00ebtaren Dafina Zeqiri edhe pse nuk ka dh\u00ebn\u00eb detaje t\u00eb m\u00ebtejshme p\u00ebr takimin e tyre. N\u00eb mbishkrimin e fotos ai shkruan:<\/p>\n<blockquote><p>\u201cMa e mira n\u2019vend!\u201d<\/p>\n<p><img fetchpriority=\"high\" decoding=\"async\" class=\"alignnone  wp-image-9048\" src=\"https:\/\/bareshamusic.com\/wp-content\/uploads\/2024\/03\/WhatsApp-Image-2024-03-06-at-10.02.50-300x650-1-138x300.jpeg\" alt=\"\" width=\"316\" height=\"687\" \/><\/p>\n<p>Disa minuta m\u00eb von\u00eb ai ka postuar nj\u00eb video me k\u00ebng\u00ebtarin Ledri Vula. Treshja duket se jan\u00eb n\u00eb t\u00eb nj\u00ebjtin vend, p\u00ebr t\u00eb paralajm\u00ebruar di\u00e7ka p\u00ebr publikun. Mos ndoshta Luizi do t\u00eb b\u00ebj\u00eb bashk\u00eb ish-partner\u00ebt n\u00eb nj\u00eb bashk\u00ebpunim t\u00eb ri muzikor mes t\u00eb treve?<\/p>\n<p>&nbsp;<\/p><\/blockquote>\n<p>&nbsp;<\/p>\n<p>&nbsp;<\/p>\n","protected":false},"excerpt":{"rendered":"<p>Mbr\u00ebmjen e djeshme Luiz Ejlli ka postuar nj\u00eb foto me k\u00ebng\u00ebtaren Dafina Zeqiri edhe pse nuk ka dh\u00ebn\u00eb detaje t\u00eb m\u00ebtejshme p\u00ebr takimin e tyre. N\u00eb mbishkrimin e fotos ai shkruan: \u201cMa e mira n\u2019vend!\u201d Disa minuta m\u00eb von\u00eb ai ka postuar nj\u00eb video me k\u00ebng\u00ebtarin Ledri Vula. Treshja duket se jan\u00eb n\u00eb t\u00eb nj\u00ebjtin [&hellip;]<\/p>\n","protected":false},"author":1,"featured_media":9049,"comment_status":"open","ping_status":"open","sticky":false,"template":"","format":"standard","meta":{"footnotes":""},"categories":[2],"tags":[69,25,26,27,29,82,40],"class_list":["post-9047","post","type-post","status-publish","format-standard","has-post-thumbnail","hentry","category-showbiz","tag-dafina-zeqiri","tag-featured","tag-featured2","tag-featured8","tag-latest-news","tag-ledri-vula","tag-luiz-ejlli"],"aioseo_notices":[],"_links":{"self":[{"href":"https:\/\/bareshamusic.com\/index.php?rest_route=\/wp\/v2\/posts\/9047","targetHints":{"allow":["GET"]}}],"collection":[{"href":"https:\/\/bareshamusic.com\/index.php?rest_route=\/wp\/v2\/posts"}],"about":[{"href":"https:\/\/bareshamusic.com\/index.php?rest_route=\/wp\/v2\/types\/post"}],"author":[{"embeddable":true,"href":"https:\/\/bareshamusic.com\/index.php?rest_route=\/wp\/v2\/users\/1"}],"replies":[{"embeddable":true,"href":"https:\/\/bareshamusic.com\/index.php?rest_route=%2Fwp%2Fv2%2Fcomments&post=9047"}],"version-history":[{"count":1,"href":"https:\/\/bareshamusic.com\/index.php?rest_route=\/wp\/v2\/posts\/9047\/revisions"}],"predecessor-version":[{"id":9050,"href":"https:\/\/bareshamusic.com\/index.php?rest_route=\/wp\/v2\/posts\/9047\/revisions\/9050"}],"wp:featuredmedia":[{"embeddable":true,"href":"https:\/\/bareshamusic.com\/index.php?rest_route=\/wp\/v2\/media\/9049"}],"wp:attachment":[{"href":"https:\/\/bareshamusic.com\/index.php?rest_route=%2Fwp%2Fv2%2Fmedia&parent=9047"}],"wp:term":[{"taxonomy":"category","embeddable":true,"href":"https:\/\/bareshamusic.com\/index.php?rest_route=%2Fwp%2Fv2%2Fcategories&post=9047"},{"taxonomy":"post_tag","embeddable":true,"href":"https:\/\/bareshamusic.com\/index.php?rest_route=%2Fwp%2Fv2%2Ftags&post=9047"}],"curies":[{"name":"wp","href":"https:\/\/api.w.org\/{rel}","templated":true}]}}